{"id":6571,"date":"2023-09-08T18:25:40","date_gmt":"2023-09-08T22:25:40","guid":{"rendered":"https:\/\/pomasqui.gob.ec\/pichincha\/?p=6571"},"modified":"2023-09-08T18:43:39","modified_gmt":"2023-09-08T22:43:39","slug":"capilla-de-la-rosa-mistica","status":"publish","type":"post","link":"https:\/\/pomasqui.gob.ec\/pichincha\/capilla-de-la-rosa-mistica\/","title":{"rendered":"Capilla de La Rosa M\u00edstica"},"content":{"rendered":"\t\t<div data-elementor-type=\"wp-page\" data-elementor-id=\"6571\" class=\"elementor elementor-6571\" data-elementor-post-type=\"post\">\n\t\t\t\t\t\t\t\t\t<section class=\"elementor-section elementor-top-section elementor-element elementor-element-218ac03 elementor-section-height-min-height elementor-section-content-middle elementor-section-boxed elementor-section-height-default elementor-section-items-middle\" data-id=\"218ac03\" data-element_type=\"section\" data-settings=\"{&quot;background_background&quot;:&quot;classic&quot;}\">\n\t\t\t\t\t\t\t<div class=\"elementor-background-overlay\"><\/div>\n\t\t\t\t\t\t\t<div class=\"elementor-container elementor-column-gap-wider\">\n\t\t\t\t\t<div class=\"elementor-column elementor-col-100 elementor-top-column elementor-element elementor-element-2b51020\" data-id=\"2b51020\" data-element_type=\"column\">\n\t\t\t<div class=\"elementor-widget-wrap elementor-element-populated\">\n\t\t\t\t\t\t\t\t<div class=\"elementor-element elementor-element-f4e99de elementor-widget elementor-widget-heading\" data-id=\"f4e99de\" data-element_type=\"widget\" data-widget_type=\"heading.default\">\n\t\t\t\t<div class=\"elementor-widget-container\">\n\t\t\t<h3 class=\"elementor-heading-title elementor-size-default\">Atractivos Tur\u00edsticos<\/h3>\t\t<\/div>\n\t\t\t\t<\/div>\n\t\t\t\t<div class=\"elementor-element elementor-element-183c1de elementor-widget elementor-widget-heading\" data-id=\"183c1de\" data-element_type=\"widget\" data-widget_type=\"heading.default\">\n\t\t\t\t<div class=\"elementor-widget-container\">\n\t\t\t<h1 class=\"elementor-heading-title elementor-size-default\">Capilla de La Rosa M\u00edstica<\/h1>\t\t<\/div>\n\t\t\t\t<\/div>\n\t\t\t\t<div class=\"elementor-element elementor-element-c130b6a elementor-widget-divider--view-line elementor-widget elementor-widget-divider\" data-id=\"c130b6a\" data-element_type=\"widget\" data-widget_type=\"divider.default\">\n\t\t\t\t<div class=\"elementor-widget-container\">\n\t\t\t\t\t<div class=\"elementor-divider\">\n\t\t\t<span class=\"elementor-divider-separator\">\n\t\t\t\t\t\t<\/span>\n\t\t<\/div>\n\t\t\t\t<\/div>\n\t\t\t\t<\/div>\n\t\t\t\t\t<\/div>\n\t\t<\/div>\n\t\t\t\t\t\t\t<\/div>\n\t\t<\/section>\n\t\t\t\t<section class=\"elementor-section elementor-top-section elementor-element elementor-element-78a96cf5 elementor-section-content-middle elementor-section-boxed elementor-section-height-default elementor-section-height-default\" data-id=\"78a96cf5\" data-element_type=\"section\" data-settings=\"{&quot;background_background&quot;:&quot;classic&quot;}\">\n\t\t\t\t\t\t<div class=\"elementor-container elementor-column-gap-no\">\n\t\t\t\t\t<div class=\"elementor-column elementor-col-100 elementor-top-column elementor-element elementor-element-1368a0b0\" data-id=\"1368a0b0\" data-element_type=\"column\">\n\t\t\t<div class=\"elementor-widget-wrap elementor-element-populated\">\n\t\t\t\t\t\t\t\t<div class=\"elementor-element elementor-element-f9db0a9 elementor-widget elementor-widget-heading\" data-id=\"f9db0a9\" data-element_type=\"widget\" data-widget_type=\"heading.default\">\n\t\t\t\t<div class=\"elementor-widget-container\">\n\t\t\t<h3 class=\"elementor-heading-title elementor-size-default\">Te invitamos a explorar un rinc\u00f3n de espiritualidad y arquitectura \u00fanica, donde la fe y la belleza se entrelazan.<\/h3>\t\t<\/div>\n\t\t\t\t<\/div>\n\t\t\t\t\t<\/div>\n\t\t<\/div>\n\t\t\t\t\t\t\t<\/div>\n\t\t<\/section>\n\t\t\t\t<section class=\"elementor-section elementor-top-section elementor-element elementor-element-a8a7690 elementor-section-content-middle elementor-reverse-mobile elementor-section-boxed elementor-section-height-default elementor-section-height-default\" data-id=\"a8a7690\" data-element_type=\"section\">\n\t\t\t\t\t\t\t<div class=\"elementor-background-overlay\"><\/div>\n\t\t\t\t\t\t\t<div class=\"elementor-container elementor-column-gap-no\">\n\t\t\t\t\t<div class=\"elementor-column elementor-col-50 elementor-top-column elementor-element elementor-element-1a729b0\" data-id=\"1a729b0\" data-element_type=\"column\">\n\t\t\t<div class=\"elementor-widget-wrap elementor-element-populated\">\n\t\t\t\t\t\t\t\t<div class=\"elementor-element elementor-element-5bb133d elementor-widget elementor-widget-text-editor\" data-id=\"5bb133d\" data-element_type=\"widget\" data-widget_type=\"text-editor.default\">\n\t\t\t\t<div class=\"elementor-widget-container\">\n\t\t\t\t\t\t\t<p>Al ingresar a este simb\u00f3lico sitio de recogimiento y fe, nos da la bienvenida un peque\u00f1o jard\u00edn que realza la imagen tallada en piedra de Santa Clara de As\u00eds y junto a la capilla forman un arm\u00f3nico conjunto.<\/p><p>La Capilla de La Rosa M\u00edstica, se encuentra construida en su totalidad en piedra volc\u00e1nica; sus paredes fueron h\u00e1bilmente labradas de forma rectangular; en las c\u00fapulas se destacan peque\u00f1as piedras de r\u00edo que junto a la piedra p\u00f3mez se convirtieron en el material m\u00e1s adecuado para coronar el templo.<\/p><p>La caracter\u00edstica de los pueblos andinos al trabajar por un bien com\u00fan se ve reflejada en la minga, gracias a la cual se facilit\u00f3 el traslado de los materiales y la consiguiente consecuci\u00f3n de la obra.<\/p><p>Gracias a su adecuada ubicaci\u00f3n puede considerarse un mirador pues permite tener una imagen privilegiada de los colosos de los andes, es f\u00e1cil identificar al Pichincha, Cotopaxi, Cayambe el conjunto de la cordillera oriental, los Valles de Calder\u00f3n y Tumbaco, el Norte de Quito y si lo permite el clima al solitario Antisana.<\/p>\t\t\t\t\t\t<\/div>\n\t\t\t\t<\/div>\n\t\t\t\t\t<\/div>\n\t\t<\/div>\n\t\t\t\t<div class=\"elementor-column elementor-col-50 elementor-top-column elementor-element elementor-element-73c2a93\" data-id=\"73c2a93\" data-element_type=\"column\">\n\t\t\t<div class=\"elementor-widget-wrap elementor-element-populated\">\n\t\t\t\t\t\t\t\t<div class=\"elementor-element elementor-element-e310ab1 elementor-widget elementor-widget-image\" data-id=\"e310ab1\" data-element_type=\"widget\" data-widget_type=\"image.default\">\n\t\t\t\t<div class=\"elementor-widget-container\">\n\t\t\t\t\t\t\t\t\t\t\t\t\t\t\t<img fetchpriority=\"high\" decoding=\"async\" width=\"800\" height=\"1000\" src=\"https:\/\/pomasqui.gob.ec\/pichincha\/wp-content\/uploads\/2023\/09\/Rosa-Mistica-fvertical.jpg\" class=\"attachment-full size-full wp-image-6575\" alt=\"\" srcset=\"https:\/\/pomasqui.gob.ec\/pichincha\/wp-content\/uploads\/2023\/09\/Rosa-Mistica-fvertical.jpg 800w, https:\/\/pomasqui.gob.ec\/pichincha\/wp-content\/uploads\/2023\/09\/Rosa-Mistica-fvertical-550x688.jpg 550w, https:\/\/pomasqui.gob.ec\/pichincha\/wp-content\/uploads\/2023\/09\/Rosa-Mistica-fvertical-768x960.jpg 768w\" sizes=\"(max-width: 800px) 100vw, 800px\" \/>\t\t\t\t\t\t\t\t\t\t\t\t\t\t\t<\/div>\n\t\t\t\t<\/div>\n\t\t\t\t\t<\/div>\n\t\t<\/div>\n\t\t\t\t\t\t\t<\/div>\n\t\t<\/section>\n\t\t\t\t\t\t\t<\/div>\n\t\t","protected":false},"excerpt":{"rendered":"<p>Atractivos Tur\u00edsticos Capilla de La Rosa M\u00edstica Te invitamos a explorar un rinc\u00f3n de espiritualidad y arquitectura \u00fanica, donde la fe y la belleza se entrelazan. Al ingresar a este simb\u00f3lico sitio de recogimiento y fe, nos da la bienvenida un peque\u00f1o jard\u00edn que realza la imagen tallada en piedra de Santa Clara de As\u00eds &hellip;<\/p>\n<p class=\"read-more\"> <a class=\"\" href=\"https:\/\/pomasqui.gob.ec\/pichincha\/capilla-de-la-rosa-mistica\/\"> <span class=\"screen-reader-text\">Capilla de La Rosa M\u00edstica<\/span> Leer m\u00e1s \u00bb<\/a><\/p>\n","protected":false},"author":4,"featured_media":6572,"comment_status":"closed","ping_status":"closed","sticky":false,"template":"","format":"standard","meta":{"site-sidebar-layout":"no-sidebar","site-content-layout":"page-builder","ast-site-content-layout":"full-width-container","site-content-style":"unboxed","site-sidebar-style":"unboxed","ast-global-header-display":"","ast-banner-title-visibility":"","ast-main-header-display":"","ast-hfb-above-header-display":"","ast-hfb-below-header-display":"","ast-hfb-mobile-header-display":"","site-post-title":"disabled","ast-breadcrumbs-content":"","ast-featured-img":"disabled","footer-sml-layout":"","theme-transparent-header-meta":"default","adv-header-id-meta":"","stick-header-meta":"","header-above-stick-meta":"","header-main-stick-meta":"","header-below-stick-meta":"","astra-migrate-meta-layouts":"set","footnotes":""},"categories":[247],"tags":[248],"yst_prominent_words":[96,39],"_links":{"self":[{"href":"https:\/\/pomasqui.gob.ec\/pichincha\/wp-json\/wp\/v2\/posts\/6571"}],"collection":[{"href":"https:\/\/pomasqui.gob.ec\/pichincha\/wp-json\/wp\/v2\/posts"}],"about":[{"href":"https:\/\/pomasqui.gob.ec\/pichincha\/wp-json\/wp\/v2\/types\/post"}],"author":[{"embeddable":true,"href":"https:\/\/pomasqui.gob.ec\/pichincha\/wp-json\/wp\/v2\/users\/4"}],"replies":[{"embeddable":true,"href":"https:\/\/pomasqui.gob.ec\/pichincha\/wp-json\/wp\/v2\/comments?post=6571"}],"version-history":[{"count":10,"href":"https:\/\/pomasqui.gob.ec\/pichincha\/wp-json\/wp\/v2\/posts\/6571\/revisions"}],"predecessor-version":[{"id":6592,"href":"https:\/\/pomasqui.gob.ec\/pichincha\/wp-json\/wp\/v2\/posts\/6571\/revisions\/6592"}],"wp:featuredmedia":[{"embeddable":true,"href":"https:\/\/pomasqui.gob.ec\/pichincha\/wp-json\/wp\/v2\/media\/6572"}],"wp:attachment":[{"href":"https:\/\/pomasqui.gob.ec\/pichincha\/wp-json\/wp\/v2\/media?parent=6571"}],"wp:term":[{"taxonomy":"category","embeddable":true,"href":"https:\/\/pomasqui.gob.ec\/pichincha\/wp-json\/wp\/v2\/categories?post=6571"},{"taxonomy":"post_tag","embeddable":true,"href":"https:\/\/pomasqui.gob.ec\/pichincha\/wp-json\/wp\/v2\/tags?post=6571"},{"taxonomy":"yst_prominent_words","embeddable":true,"href":"https:\/\/pomasqui.gob.ec\/pichincha\/wp-json\/wp\/v2\/yst_prominent_words?post=6571"}],"curies":[{"name":"wp","href":"https:\/\/api.w.org\/{rel}","templated":true}]}}