{"id":6607,"date":"2023-09-08T18:54:27","date_gmt":"2023-09-08T22:54:27","guid":{"rendered":"https:\/\/pomasqui.gob.ec\/pichincha\/?p=6607"},"modified":"2023-10-18T17:44:42","modified_gmt":"2023-10-18T21:44:42","slug":"iglesia-matriz","status":"publish","type":"post","link":"https:\/\/pomasqui.gob.ec\/pichincha\/iglesia-matriz\/","title":{"rendered":"Iglesia Matriz"},"content":{"rendered":"\t\t<div data-elementor-type=\"wp-page\" data-elementor-id=\"6607\" class=\"elementor elementor-6607\" data-elementor-post-type=\"post\">\n\t\t\t\t\t\t\t\t\t<section class=\"elementor-section elementor-top-section elementor-element elementor-element-218ac03 elementor-section-height-min-height elementor-section-content-middle elementor-section-boxed elementor-section-height-default elementor-section-items-middle\" data-id=\"218ac03\" data-element_type=\"section\" data-settings=\"{&quot;background_background&quot;:&quot;classic&quot;}\">\n\t\t\t\t\t\t\t<div class=\"elementor-background-overlay\"><\/div>\n\t\t\t\t\t\t\t<div class=\"elementor-container elementor-column-gap-wider\">\n\t\t\t\t\t<div class=\"elementor-column elementor-col-100 elementor-top-column elementor-element elementor-element-2b51020\" data-id=\"2b51020\" data-element_type=\"column\">\n\t\t\t<div class=\"elementor-widget-wrap elementor-element-populated\">\n\t\t\t\t\t\t\t\t<div class=\"elementor-element elementor-element-f4e99de elementor-widget elementor-widget-heading\" data-id=\"f4e99de\" data-element_type=\"widget\" data-widget_type=\"heading.default\">\n\t\t\t\t<div class=\"elementor-widget-container\">\n\t\t\t<h3 class=\"elementor-heading-title elementor-size-default\">Atractivos Tur\u00edsticos<\/h3>\t\t<\/div>\n\t\t\t\t<\/div>\n\t\t\t\t<div class=\"elementor-element elementor-element-183c1de elementor-widget elementor-widget-heading\" data-id=\"183c1de\" data-element_type=\"widget\" data-widget_type=\"heading.default\">\n\t\t\t\t<div class=\"elementor-widget-container\">\n\t\t\t<h1 class=\"elementor-heading-title elementor-size-default\">Iglesia Matriz<\/h1>\t\t<\/div>\n\t\t\t\t<\/div>\n\t\t\t\t<div class=\"elementor-element elementor-element-c130b6a elementor-widget-divider--view-line elementor-widget elementor-widget-divider\" data-id=\"c130b6a\" data-element_type=\"widget\" data-widget_type=\"divider.default\">\n\t\t\t\t<div class=\"elementor-widget-container\">\n\t\t\t\t\t<div class=\"elementor-divider\">\n\t\t\t<span class=\"elementor-divider-separator\">\n\t\t\t\t\t\t<\/span>\n\t\t<\/div>\n\t\t\t\t<\/div>\n\t\t\t\t<\/div>\n\t\t\t\t\t<\/div>\n\t\t<\/div>\n\t\t\t\t\t\t\t<\/div>\n\t\t<\/section>\n\t\t\t\t<section class=\"elementor-section elementor-top-section elementor-element elementor-element-78a96cf5 elementor-section-content-middle elementor-section-boxed elementor-section-height-default elementor-section-height-default\" data-id=\"78a96cf5\" data-element_type=\"section\" data-settings=\"{&quot;background_background&quot;:&quot;classic&quot;}\">\n\t\t\t\t\t\t<div class=\"elementor-container elementor-column-gap-no\">\n\t\t\t\t\t<div class=\"elementor-column elementor-col-100 elementor-top-column elementor-element elementor-element-1368a0b0\" data-id=\"1368a0b0\" data-element_type=\"column\">\n\t\t\t<div class=\"elementor-widget-wrap elementor-element-populated\">\n\t\t\t\t\t\t\t\t<div class=\"elementor-element elementor-element-f9db0a9 elementor-widget elementor-widget-heading\" data-id=\"f9db0a9\" data-element_type=\"widget\" data-widget_type=\"heading.default\">\n\t\t\t\t<div class=\"elementor-widget-container\">\n\t\t\t<h3 class=\"elementor-heading-title elementor-size-default\">Visita la Iglesia Matriz en Pomasqui, un lugar donde la espiritualidad se une con la cercan\u00eda de nuestra comunidad.<\/h3>\t\t<\/div>\n\t\t\t\t<\/div>\n\t\t\t\t\t<\/div>\n\t\t<\/div>\n\t\t\t\t\t\t\t<\/div>\n\t\t<\/section>\n\t\t\t\t<section class=\"elementor-section elementor-top-section elementor-element elementor-element-a8a7690 elementor-section-content-middle elementor-reverse-mobile elementor-section-boxed elementor-section-height-default elementor-section-height-default\" data-id=\"a8a7690\" data-element_type=\"section\">\n\t\t\t\t\t\t\t<div class=\"elementor-background-overlay\"><\/div>\n\t\t\t\t\t\t\t<div class=\"elementor-container elementor-column-gap-no\">\n\t\t\t\t\t<div class=\"elementor-column elementor-col-50 elementor-top-column elementor-element elementor-element-1a729b0\" data-id=\"1a729b0\" data-element_type=\"column\">\n\t\t\t<div class=\"elementor-widget-wrap elementor-element-populated\">\n\t\t\t\t\t\t\t\t<div class=\"elementor-element elementor-element-5bb133d elementor-widget elementor-widget-text-editor\" data-id=\"5bb133d\" data-element_type=\"widget\" data-widget_type=\"text-editor.default\">\n\t\t\t\t<div class=\"elementor-widget-container\">\n\t\t\t\t\t\t\t<p><strong>IGLESIA PARROQUIAL DE SANTA CLARA Y SANTA ROSA DE POMASQUI<\/strong><\/p><p>El actual templo dedicado a las Santas Clara de As\u00eds y Rosa de Lima, data del a\u00f1o 1639, esta iglesia, fue construida desde los primeros d\u00edas de la colonizaci\u00f3n espa\u00f1ola, cuya inscripci\u00f3n se encuentra\u00a0 en el sello del franciscano tallado en piedra y colocado en la clave del arco de la entrada del antiguo bautismerio, actual Capilla del Calvario. En la puerta del bautismerio se encuentra dos piezas talladas y doradas, al estilo del barroco puro, colocadas como tarjetas (de una madera antigua y distinta a la de su marco que es de cedro) hacen pensar que probablemente pertenec\u00edan al primer altar; \u00e9stas fueron colocadas durante la primera gran restauraci\u00f3n del templo (1921 -1927).<\/p><p>Sus muros dejan improntas que nos hablan de las distintas etapas hist\u00f3ricas en la que se edific\u00f3 dicho inmueble. Las paredes originales (1.20 m. de ancho por 5 m. de alto) son de mamposter\u00eda de piedra p\u00f3mez y algamaza de barro y cal (1639), adosadas a ellas y en el interior de la nave se colocaron a manera de soportes un conjunto de arcos de ladrillo.<\/p><p>Uno de los principales emblemas de la parroquia es esta iglesia. Durante muchos a\u00f1os, conserv\u00f3 un encanto pintoresco y sencillo. Desafortunadamente, debido a varios terremotos que sacudieron la zona, sufri\u00f3 una casi completa destrucci\u00f3n, lo que llev\u00f3 a m\u00faltiples intervenciones con la colaboraci\u00f3n de los residentes locales. En 1924, otro fuerte terremoto requiri\u00f3 una intervenci\u00f3n t\u00e9cnica, momento en el que el famoso sacerdote italiano Bruning inici\u00f3 su trabajo en la fachada y expandi\u00f3 la iglesia, conservando el estilo neocl\u00e1sico.<\/p><p>Dentro de la edificaci\u00f3n se pueden encontrar varias im\u00e1genes y esculturas del siglo XVIII as\u00ed como una gran campana rota, testigo de los movimientos tel\u00faricos que afectan a la localidad<\/p><p>En este santuario se destacan las fiestas del Corpus Cristi donde participa la poblaci\u00f3n en diferentes eventos. De manera ordinaria las misas son los d\u00edas domingo.<\/p>\t\t\t\t\t\t<\/div>\n\t\t\t\t<\/div>\n\t\t\t\t\t<\/div>\n\t\t<\/div>\n\t\t\t\t<div class=\"elementor-column elementor-col-50 elementor-top-column elementor-element elementor-element-73c2a93\" data-id=\"73c2a93\" data-element_type=\"column\">\n\t\t\t<div class=\"elementor-widget-wrap elementor-element-populated\">\n\t\t\t\t\t\t\t\t<div class=\"elementor-element elementor-element-e310ab1 elementor-widget elementor-widget-image\" data-id=\"e310ab1\" data-element_type=\"widget\" data-widget_type=\"image.default\">\n\t\t\t\t<div class=\"elementor-widget-container\">\n\t\t\t\t\t\t\t\t\t\t\t\t\t\t\t<img fetchpriority=\"high\" decoding=\"async\" width=\"800\" height=\"1000\" src=\"https:\/\/pomasqui.gob.ec\/pichincha\/wp-content\/uploads\/2023\/09\/iglesiaMatriz_fvertical.jpg\" class=\"attachment-full size-full wp-image-6617\" alt=\"\" srcset=\"https:\/\/pomasqui.gob.ec\/pichincha\/wp-content\/uploads\/2023\/09\/iglesiaMatriz_fvertical.jpg 800w, https:\/\/pomasqui.gob.ec\/pichincha\/wp-content\/uploads\/2023\/09\/iglesiaMatriz_fvertical-550x688.jpg 550w, https:\/\/pomasqui.gob.ec\/pichincha\/wp-content\/uploads\/2023\/09\/iglesiaMatriz_fvertical-768x960.jpg 768w\" sizes=\"(max-width: 800px) 100vw, 800px\" \/>\t\t\t\t\t\t\t\t\t\t\t\t\t\t\t<\/div>\n\t\t\t\t<\/div>\n\t\t\t\t\t<\/div>\n\t\t<\/div>\n\t\t\t\t\t\t\t<\/div>\n\t\t<\/section>\n\t\t\t\t<section class=\"elementor-section elementor-top-section elementor-element elementor-element-645ddf7 elementor-section-boxed elementor-section-height-default elementor-section-height-default\" data-id=\"645ddf7\" data-element_type=\"section\">\n\t\t\t\t\t\t<div class=\"elementor-container elementor-column-gap-default\">\n\t\t\t\t\t<div class=\"elementor-column elementor-col-100 elementor-top-column elementor-element elementor-element-a0c9094\" data-id=\"a0c9094\" data-element_type=\"column\">\n\t\t\t<div class=\"elementor-widget-wrap elementor-element-populated\">\n\t\t\t\t\t\t\t\t<div class=\"elementor-element elementor-element-53b484c elementor-widget elementor-widget-google_maps\" data-id=\"53b484c\" data-element_type=\"widget\" data-widget_type=\"google_maps.default\">\n\t\t\t\t<div class=\"elementor-widget-container\">\n\t\t\t\t\t<div class=\"elementor-custom-embed\">\n\t\t\t<iframe loading=\"lazy\"\n\t\t\t\t\tsrc=\"https:\/\/maps.google.com\/maps?q=Iglesia%20Matriz%20de%20Pomasqui&#038;t=m&#038;z=10&#038;output=embed&#038;iwloc=near\"\n\t\t\t\t\ttitle=\"Iglesia Matriz de Pomasqui\"\n\t\t\t\t\taria-label=\"Iglesia Matriz de Pomasqui\"\n\t\t\t><\/iframe>\n\t\t<\/div>\n\t\t\t\t<\/div>\n\t\t\t\t<\/div>\n\t\t\t\t\t<\/div>\n\t\t<\/div>\n\t\t\t\t\t\t\t<\/div>\n\t\t<\/section>\n\t\t\t\t\t\t\t<\/div>\n\t\t","protected":false},"excerpt":{"rendered":"<p>Atractivos Tur\u00edsticos Iglesia Matriz Visita la Iglesia Matriz en Pomasqui, un lugar donde la espiritualidad se une con la cercan\u00eda de nuestra comunidad. IGLESIA PARROQUIAL DE SANTA CLARA Y SANTA ROSA DE POMASQUI El actual templo dedicado a las Santas Clara de As\u00eds y Rosa de Lima, data del a\u00f1o 1639, esta iglesia, fue construida &hellip;<\/p>\n<p class=\"read-more\"> <a class=\"\" href=\"https:\/\/pomasqui.gob.ec\/pichincha\/iglesia-matriz\/\"> <span class=\"screen-reader-text\">Iglesia Matriz<\/span> Leer m\u00e1s \u00bb<\/a><\/p>\n","protected":false},"author":4,"featured_media":6615,"comment_status":"closed","ping_status":"closed","sticky":false,"template":"","format":"standard","meta":{"site-sidebar-layout":"no-sidebar","site-content-layout":"page-builder","ast-site-content-layout":"full-width-container","site-content-style":"unboxed","site-sidebar-style":"unboxed","ast-global-header-display":"","ast-banner-title-visibility":"","ast-main-header-display":"","ast-hfb-above-header-display":"","ast-hfb-below-header-display":"","ast-hfb-mobile-header-display":"","site-post-title":"disabled","ast-breadcrumbs-content":"","ast-featured-img":"disabled","footer-sml-layout":"","theme-transparent-header-meta":"default","adv-header-id-meta":"","stick-header-meta":"","header-above-stick-meta":"","header-main-stick-meta":"","header-below-stick-meta":"","astra-migrate-meta-layouts":"set","footnotes":""},"categories":[247],"tags":[248],"yst_prominent_words":[39],"_links":{"self":[{"href":"https:\/\/pomasqui.gob.ec\/pichincha\/wp-json\/wp\/v2\/posts\/6607"}],"collection":[{"href":"https:\/\/pomasqui.gob.ec\/pichincha\/wp-json\/wp\/v2\/posts"}],"about":[{"href":"https:\/\/pomasqui.gob.ec\/pichincha\/wp-json\/wp\/v2\/types\/post"}],"author":[{"embeddable":true,"href":"https:\/\/pomasqui.gob.ec\/pichincha\/wp-json\/wp\/v2\/users\/4"}],"replies":[{"embeddable":true,"href":"https:\/\/pomasqui.gob.ec\/pichincha\/wp-json\/wp\/v2\/comments?post=6607"}],"version-history":[{"count":16,"href":"https:\/\/pomasqui.gob.ec\/pichincha\/wp-json\/wp\/v2\/posts\/6607\/revisions"}],"predecessor-version":[{"id":7294,"href":"https:\/\/pomasqui.gob.ec\/pichincha\/wp-json\/wp\/v2\/posts\/6607\/revisions\/7294"}],"wp:featuredmedia":[{"embeddable":true,"href":"https:\/\/pomasqui.gob.ec\/pichincha\/wp-json\/wp\/v2\/media\/6615"}],"wp:attachment":[{"href":"https:\/\/pomasqui.gob.ec\/pichincha\/wp-json\/wp\/v2\/media?parent=6607"}],"wp:term":[{"taxonomy":"category","embeddable":true,"href":"https:\/\/pomasqui.gob.ec\/pichincha\/wp-json\/wp\/v2\/categories?post=6607"},{"taxonomy":"post_tag","embeddable":true,"href":"https:\/\/pomasqui.gob.ec\/pichincha\/wp-json\/wp\/v2\/tags?post=6607"},{"taxonomy":"yst_prominent_words","embeddable":true,"href":"https:\/\/pomasqui.gob.ec\/pichincha\/wp-json\/wp\/v2\/yst_prominent_words?post=6607"}],"curies":[{"name":"wp","href":"https:\/\/api.w.org\/{rel}","templated":true}]}}